{"id":2225,"date":"2026-08-19T12:47:48","date_gmt":"2026-08-19T12:47:48","guid":{"rendered":"https:\/\/tornquistcmt.com\/?p=2225"},"modified":"2026-08-19T12:47:48","modified_gmt":"2026-08-19T12:47:48","slug":"dia-nacional-de-lucha-contra-el-sindrome-uremico-hemolitico","status":"publish","type":"post","link":"https:\/\/tornquistcmt.com\/index.php\/2026\/08\/19\/dia-nacional-de-lucha-contra-el-sindrome-uremico-hemolitico\/","title":{"rendered":"D\u00eda Nacional de Lucha contra el S\u00edndrome Ur\u00e9mico Hemol\u00edtico"},"content":{"rendered":"<p>En nuestro pa\u00eds es una <strong>enfermedad end\u00e9mica<\/strong> que se desarrolla principalmente en los ni\u00f1os, <strong>teniendo como<\/strong> <strong>principal causa la infecci\u00f3n por la bacteria Escherichia coli<\/strong> productora de toxina Shiga (STEC), que suele adquirirse a trav\u00e9s del consumo de alimentos contaminados, especialmente carne vacuna mal cocida, productos l\u00e1cteos no pasteurizados y agua contaminada.<\/p>\n<p>&nbsp;<\/p>\n<p>Como<strong> s\u00edntomas<\/strong>, el paciente puede presentar <strong>dolor abdominal, v\u00f3mitos, palidez, alteraci\u00f3n de la conciencia y otros s\u00edntomas<\/strong>. Ante estos s\u00edntomas, siempre acudir al pediatra o a un centro de salud y evitar la automedicaci\u00f3n.<\/p>\n<p>&nbsp;<\/p>\n<div class=\"x14z9mp xat24cr x1lziwak x1vvkbs xtlvy1s x126k92a\">\n<div dir=\"auto\"><strong>Para prevenir el s\u00edndrome ur\u00e9mico hemol\u00edtico es importante:<\/strong><\/div>\n<div dir=\"auto\"><\/div>\n<ul>\n<li dir=\"auto\">Evitar el contacto de la carne cruda con otros alimentos, la cocci\u00f3n debe ser completa y homog\u00e9nea (la bacteria se destruye a m\u00e1s de 72\u00b0C);<\/li>\n<li dir=\"auto\">Lavar los utensilios de cocina y la superficie donde se haya cortado carne cruda;<\/li>\n<li dir=\"auto\">Mantener la cadena de fr\u00edo de los alimentos;<\/li>\n<li dir=\"auto\">Consumir l\u00e1cteos pasteurizados y preservar la cadena de fr\u00edo;<\/li>\n<li dir=\"auto\">Beber solo agua potable o hervida;<\/li>\n<li dir=\"auto\">Lavar bien las verduras y frutas;<\/li>\n<li dir=\"auto\">Lavarse las manos antes de tocar cualquier alimento.<\/li>\n<\/ul>\n<\/div>\n<p>&nbsp;<\/p>\n<p>&nbsp;<\/p>\n<div class=\"x14z9mp xat24cr x1lziwak x1vvkbs xtlvy1s x126k92a\">\n<div dir=\"auto\"><em>Fuentes: <\/em><\/div>\n<div dir=\"auto\"><em>-Sociedad Argentina de Pediatr\u00eda (atemporal)<\/em><\/div>\n<div dir=\"auto\"><em>-Universidad Favaloro<\/em><\/div>\n<\/div>\n","protected":false},"excerpt":{"rendered":"<p>Es una enfermedad end\u00e9mica que se desarrolla principalmente en los ni\u00f1os, teniendo como principal causa la infecci\u00f3n por la bacteria Escherichia coli productora de toxina Shiga (STEC).<\/p>\n","protected":false},"author":4,"featured_media":2226,"comment_status":"closed","ping_status":"closed","sticky":false,"template":"","format":"standard","meta":{"_et_pb_use_builder":"","_et_pb_old_content":"","_et_gb_content_width":""},"categories":[1],"tags":[],"yoast_head":"<!-- This site is optimized with the Yoast SEO plugin v14.3 - https:\/\/yoast.com\/wordpress\/plugins\/seo\/ -->\n<title>D\u00eda Nacional de Lucha contra el S\u00edndrome Ur\u00e9mico Hemol\u00edtico - Consultorios Medicos<\/title>\n<meta name=\"robots\" content=\"index, follow\" \/>\n<meta name=\"googlebot\" content=\"index, follow, max-snippet:-1, max-image-preview:large, max-video-preview:-1\" \/>\n<meta name=\"bingbot\" content=\"index, follow, max-snippet:-1, max-image-preview:large, max-video-preview:-1\" \/>\n<link rel=\"canonical\" href=\"https:\/\/tornquistcmt.com\/index.php\/2026\/08\/19\/dia-nacional-de-lucha-contra-el-sindrome-uremico-hemolitico\/\" \/>\n<meta property=\"og:locale\" content=\"es_ES\" \/>\n<meta property=\"og:type\" content=\"article\" \/>\n<meta property=\"og:title\" content=\"D\u00eda Nacional de Lucha contra el S\u00edndrome Ur\u00e9mico Hemol\u00edtico - Consultorios Medicos\" \/>\n<meta property=\"og:description\" content=\"Es una enfermedad end\u00e9mica que se desarrolla principalmente en los ni\u00f1os, teniendo como principal causa la infecci\u00f3n por la bacteria Escherichia coli productora de toxina Shiga (STEC).\" \/>\n<meta property=\"og:url\" content=\"https:\/\/tornquistcmt.com\/index.php\/2026\/08\/19\/dia-nacional-de-lucha-contra-el-sindrome-uremico-hemolitico\/\" \/>\n<meta property=\"og:site_name\" content=\"Consultorios Medicos\" \/>\n<meta property=\"article:published_time\" content=\"2026-08-19T12:47:48+00:00\" \/>\n<meta property=\"og:image\" content=\"https:\/\/tornquistcmt.com\/wp-content\/uploads\/2026\/08\/SindromeUremicoHemolitico.jpg\" \/>\n\t<meta property=\"og:image:width\" content=\"1500\" \/>\n\t<meta property=\"og:image:height\" content=\"1000\" \/>\n<meta name=\"twitter:card\" content=\"summary_large_image\" \/>\n<script type=\"application\/ld+json\" class=\"yoast-schema-graph\">{\"@context\":\"https:\/\/schema.org\",\"@graph\":[{\"@type\":\"WebSite\",\"@id\":\"https:\/\/tornquistcmt.com\/#website\",\"url\":\"https:\/\/tornquistcmt.com\/\",\"name\":\"Consultorios Medicos\",\"description\":\"Tornquist y Sierra de la Ventana\",\"potentialAction\":[{\"@type\":\"SearchAction\",\"target\":\"https:\/\/tornquistcmt.com\/?s={search_term_string}\",\"query-input\":\"required name=search_term_string\"}],\"inLanguage\":\"es\"},{\"@type\":\"ImageObject\",\"@id\":\"https:\/\/tornquistcmt.com\/index.php\/2026\/08\/19\/dia-nacional-de-lucha-contra-el-sindrome-uremico-hemolitico\/#primaryimage\",\"inLanguage\":\"es\",\"url\":\"https:\/\/tornquistcmt.com\/wp-content\/uploads\/2026\/08\/SindromeUremicoHemolitico.jpg\",\"width\":1500,\"height\":1000},{\"@type\":\"WebPage\",\"@id\":\"https:\/\/tornquistcmt.com\/index.php\/2026\/08\/19\/dia-nacional-de-lucha-contra-el-sindrome-uremico-hemolitico\/#webpage\",\"url\":\"https:\/\/tornquistcmt.com\/index.php\/2026\/08\/19\/dia-nacional-de-lucha-contra-el-sindrome-uremico-hemolitico\/\",\"name\":\"D\\u00eda Nacional de Lucha contra el S\\u00edndrome Ur\\u00e9mico Hemol\\u00edtico - Consultorios Medicos\",\"isPartOf\":{\"@id\":\"https:\/\/tornquistcmt.com\/#website\"},\"primaryImageOfPage\":{\"@id\":\"https:\/\/tornquistcmt.com\/index.php\/2026\/08\/19\/dia-nacional-de-lucha-contra-el-sindrome-uremico-hemolitico\/#primaryimage\"},\"datePublished\":\"2026-08-19T12:47:48+00:00\",\"dateModified\":\"2026-08-19T12:47:48+00:00\",\"author\":{\"@id\":\"https:\/\/tornquistcmt.com\/#\/schema\/person\/33d6c0c0291f7e8836cfba3db63c7363\"},\"inLanguage\":\"es\",\"potentialAction\":[{\"@type\":\"ReadAction\",\"target\":[\"https:\/\/tornquistcmt.com\/index.php\/2026\/08\/19\/dia-nacional-de-lucha-contra-el-sindrome-uremico-hemolitico\/\"]}]},{\"@type\":[\"Person\"],\"@id\":\"https:\/\/tornquistcmt.com\/#\/schema\/person\/33d6c0c0291f7e8836cfba3db63c7363\",\"name\":\"Ceci Polak\",\"image\":{\"@type\":\"ImageObject\",\"@id\":\"https:\/\/tornquistcmt.com\/#personlogo\",\"inLanguage\":\"es\",\"url\":\"https:\/\/secure.gravatar.com\/avatar\/b3f7e518e8818f1a0b8c2d17a7155d81?s=96&d=mm&r=g\",\"caption\":\"Ceci Polak\"}}]}<\/script>\n<!-- \/ Yoast SEO plugin. -->","_links":{"self":[{"href":"https:\/\/tornquistcmt.com\/index.php\/wp-json\/wp\/v2\/posts\/2225"}],"collection":[{"href":"https:\/\/tornquistcmt.com\/index.php\/wp-json\/wp\/v2\/posts"}],"about":[{"href":"https:\/\/tornquistcmt.com\/index.php\/wp-json\/wp\/v2\/types\/post"}],"author":[{"embeddable":true,"href":"https:\/\/tornquistcmt.com\/index.php\/wp-json\/wp\/v2\/users\/4"}],"replies":[{"embeddable":true,"href":"https:\/\/tornquistcmt.com\/index.php\/wp-json\/wp\/v2\/comments?post=2225"}],"version-history":[{"count":1,"href":"https:\/\/tornquistcmt.com\/index.php\/wp-json\/wp\/v2\/posts\/2225\/revisions"}],"predecessor-version":[{"id":2227,"href":"https:\/\/tornquistcmt.com\/index.php\/wp-json\/wp\/v2\/posts\/2225\/revisions\/2227"}],"wp:featuredmedia":[{"embeddable":true,"href":"https:\/\/tornquistcmt.com\/index.php\/wp-json\/wp\/v2\/media\/2226"}],"wp:attachment":[{"href":"https:\/\/tornquistcmt.com\/index.php\/wp-json\/wp\/v2\/media?parent=2225"}],"wp:term":[{"taxonomy":"category","embeddable":true,"href":"https:\/\/tornquistcmt.com\/index.php\/wp-json\/wp\/v2\/categories?post=2225"},{"taxonomy":"post_tag","embeddable":true,"href":"https:\/\/tornquistcmt.com\/index.php\/wp-json\/wp\/v2\/tags?post=2225"}],"curies":[{"name":"wp","href":"https:\/\/api.w.org\/{rel}","templated":true}]}}