{"id":2218,"date":"2026-08-14T12:59:22","date_gmt":"2026-08-14T12:59:22","guid":{"rendered":"https:\/\/tornquistcmt.com\/?p=2218"},"modified":"2026-08-14T13:00:52","modified_gmt":"2026-08-14T13:00:52","slug":"ataque-de-panico-claves-para-reconocerlo-sintomas-y-diferencia-con-otros-trastornos-de-ansiedad","status":"publish","type":"post","link":"https:\/\/tornquistcmt.com\/index.php\/2026\/08\/14\/ataque-de-panico-claves-para-reconocerlo-sintomas-y-diferencia-con-otros-trastornos-de-ansiedad\/","title":{"rendered":"Ataque de p\u00e1nico: claves para reconocerlo, s\u00edntomas y diferencia con otros trastornos de ansiedad"},"content":{"rendered":"<p>El doctor Daniel L\u00f3pez Rosetti<b>, <\/b>en su columna semanal en\u00a0Infobae,<b>\u00a0<\/b>defini\u00f3 el ataque de p\u00e1nico como\u00a0<b>un episodio de miedo o malestar intenso que irrumpe de manera brusca y alcanza su m\u00e1xima expresi\u00f3n en pocos minutos<\/b>, seg\u00fan los criterios del DSM-5, el manual de enfermedades psiqui\u00e1tricas.<\/p>\n<p>El especialista aclar\u00f3 desde el inicio que ataque de p\u00e1nico no es un t\u00e9rmino coloquial, sino una entidad m\u00e9dica reconocida y clasificada en la psiquiatr\u00eda moderna.<\/p>\n<p>\u201cEs un e<b>pisodio de miedo muy intenso<\/b>\u00a0que aparece de un momento a otro, sin antecedentes que permitan anticiparlo, y que\u00a0<b>alcanza su m\u00e1xima intensidad en dos, tres, cinco minutos<\/b>; puede durar 10 o 15, y luego disminuye\u201d, puntualiz\u00f3 L\u00f3pez Rosetti.<\/p>\n<p>&nbsp;<\/p>\n<h4 id=\"que-es-un-ataque-de-panico-segun-la-medicina\" class=\"text-align-left vertical-align-top line-height-100 header headline-class-h2 headline\"><strong>Qu\u00e9 es un ataque de p\u00e1nico seg\u00fan la medicina<\/strong><\/h4>\n<p>El especialista record\u00f3 que el t\u00e9rmino tiene ra\u00edces mitol\u00f3gicas:\u00a0<b>\u201cLos griegos ten\u00edan el dios Pan. Cuando era molestado, emit\u00eda un grito enorme que generaba miedo en la gente. De ah\u00ed viene la palabra \u2018p\u00e1nico\u2019\u201d.<\/b>\u00a0Este cuadro, explic\u00f3, est\u00e1 recogido en el DSM-5 como un episodio brusco y autolimitado, caracterizado por un miedo extremo y s\u00edntomas f\u00edsicos notables.<\/p>\n<p>L\u00f3pez Rosetti precis\u00f3: \u201cEn el cerebro, cuando se produce el ataque de p\u00e1nico,<b>\u00a0el \u00e1rea cortical interpreta que lo que est\u00e1 pasando es enormemente peligroso y dispara la reacci\u00f3n<\/b>\u201d.<\/p>\n<p><b>\u201cLa persona cree que va a morir. Llega muchas veces a la guardia convencida de que est\u00e1 sufriendo un infarto\u201d<\/b>. Por eso, aunque haya experiencia cl\u00ednica, \u201csiempre hay que hacer un electrocardiograma, para descartar un evento card\u00edaco real\u201d.<\/p>\n<p>&nbsp;<\/p>\n<h4 id=\"sintomas-y-manifestaciones-del-ataque-de-panico\" class=\"text-align-left vertical-align-top line-height-100 header headline-class-h2 headline\"><strong>S\u00edntomas y manifestaciones del ataque de p\u00e1nico<\/strong><\/h4>\n<p>El especialista enumer\u00f3 los signos m\u00e1s frecuentes:\u00a0<b>\u201cTaquicardia, hiperventilaci\u00f3n, n\u00e1useas, v\u00f3mitos, dolor abdominal, sudoraci\u00f3n, temblores, mareos, hormigueo, sensaci\u00f3n de desmayo y, sobre todo, sensaci\u00f3n de muerte inminente\u201d.<\/b>\u00a0Explic\u00f3 que la hiperventilaci\u00f3n, lejos de ser un recurso \u00fatil, puede agravar el cuadro: \u201cRespirar en una bolsa no hay que hacerlo, porque se acumula el anh\u00eddrido carb\u00f3nico y eso empeora los s\u00edntomas\u201d.<\/p>\n<p class=\"paragraph\" data-paragraph-number=\"9\" data-mrf-recirculation=\"Links inline\">Durante el episodio, el cerebro activa varias regiones: \u201cLa am\u00edgdala es la central de alarma, dispara la reacci\u00f3n de p\u00e1nico. El tronco cerebral manda se\u00f1ales a todo el cuerpo para que reaccione. La \u00ednsula es la que te hace sentir f\u00edsicamente el miedo\u201d. Los pacientes describen sensaciones intensas de irrealidad:<b>\u00a0\u201cMuchos cuentan que sienten que no son ellos, que no tienen control, que est\u00e1n fuera de s\u00ed. Hay una sensaci\u00f3n de desrealizaci\u00f3n y despersonalizaci\u00f3n\u201d.<\/b><\/p>\n<p class=\"paragraph\" data-paragraph-number=\"10\" data-mrf-recirculation=\"Links inline\">El ataque de p\u00e1nico raramente dura m\u00e1s de 15 minutos y no deja secuelas f\u00edsicas. \u201cAfortunadamente, nadie muere de esto y se debe tratar\u201d, recalc\u00f3 L\u00f3pez Rosetti.<\/p>\n<h4 id=\"diferencia-entre-ataque-de-panico-y-trastorno-de-panico\" class=\"text-align-left vertical-align-top line-height-100 header headline-class-h2 headline\"><strong>Diferencia entre ataque de p\u00e1nico y trastorno de p\u00e1nico<\/strong><\/h4>\n<p class=\"paragraph\" data-paragraph-number=\"11\" data-mrf-recirculation=\"Links inline\">El doctor hizo una distinci\u00f3n central:<b>\u00a0\u201cSi despu\u00e9s de un primer episodio, el ataque se repite y se vuelve una situaci\u00f3n recurrente, ya se llama trastorno de p\u00e1nico\u201d.<\/b>\u00a0En esos casos, adem\u00e1s del miedo agudo, aparece otro fen\u00f3meno: \u201cLa persona empieza a tener miedo de tener miedo, miedo de que se repita. Eso condiciona la vida, genera conductas evitativas: dejar de viajar, evitar ascensores, cambiar h\u00e1bitos por temor a que vuelva el ataque\u201d.<\/p>\n<p class=\"paragraph\" data-paragraph-number=\"12\" data-mrf-recirculation=\"Links inline\">El trastorno de p\u00e1nico, explic\u00f3, es una entidad nosol\u00f3gica propia y forma parte de los llamados \u201ctrastornos de ansiedad\u201d, un cap\u00edtulo amplio que incluye la ansiedad generalizada, las fobias y el trastorno obsesivo-compulsivo.<\/p>\n<p class=\"paragraph\" data-paragraph-number=\"13\" data-mrf-recirculation=\"Links inline\">L\u00f3pez Rosetti aclar\u00f3:\u00a0<b>\u201cEl ataque de ansiedad en s\u00ed mismo no existe como t\u00e9rmino m\u00e9dico. Lo que existe es el cap\u00edtulo de los trastornos de ansiedad\u201d.<\/b><\/p>\n<p class=\"paragraph\" data-paragraph-number=\"14\" data-mrf-recirculation=\"Links inline\">La agorafobia puede asociarse al trastorno de p\u00e1nico: \u201cEs el miedo a no poder recibir ayuda. Por ejemplo, una persona puede sentir agorafobia en una cancha de f\u00fatbol o en un recital, donde teme no poder ser auxiliada si le ocurre una crisis\u201d.<\/p>\n<h4 id=\"tratamiento-y-abordaje-medico\" class=\"text-align-left vertical-align-top line-height-100 header headline-class-h2 headline\"><strong>Tratamiento y abordaje m\u00e9dico<\/strong><\/h4>\n<p class=\"paragraph\" data-paragraph-number=\"15\" data-mrf-recirculation=\"Links inline\">L\u00f3pez Rosetti fue claro respecto de la intervenci\u00f3n: \u201cAmbos cuadros requieren tratamiento. La buena noticia es que,\u00a0<b>con psicoterapia y, si es necesario, medicaci\u00f3n, tienen muy buen pron\u00f3stico<\/b>\u201d. El abordaje es interdisciplinario y apunta a desactivar la reacci\u00f3n cerebral desproporcionada ante est\u00edmulos que no implican peligro real.<\/p>\n<p class=\"paragraph\" data-paragraph-number=\"16\" data-mrf-recirculation=\"Links inline\">El m\u00e9dico recomend\u00f3 consultar ante cualquier episodio de miedo intenso que se acompa\u00f1e de s\u00edntomas f\u00edsicos.\u00a0<b>\u201cSiempre hay que descartar causas org\u00e1nicas, pero una vez hecho el diagn\u00f3stico, el tratamiento es muy efectivo\u201d.<\/b><\/p>\n<p class=\"paragraph\" data-paragraph-number=\"17\" data-mrf-recirculation=\"Links inline\">El especialista tambi\u00e9n alert\u00f3 sobre pr\u00e1cticas err\u00f3neas: \u201cNo hay que hacer que la persona respire en una bolsa. Eso puede empeorar la hiperventilaci\u00f3n. Lo correcto es tranquilizar, acompa\u00f1ar y buscar atenci\u00f3n m\u00e9dica\u201d.<\/p>\n<p class=\"paragraph\" data-paragraph-number=\"18\" data-mrf-recirculation=\"Links inline\">La columna cerr\u00f3 con un mensaje esperanzador:\u00a0<b>\u201cEs un evento magno, pero tiene una excelente noticia: con buen tratamiento, se puede superar\u201d.<\/b><\/p>\n<p class=\"article-subheadline text-align-left\"><em>Dr. Daniel L\u00f3pez Rosetti (columna semanal Infobae a las Nueve)<\/em><\/p>\n<p>&nbsp;<\/p>\n<p>&nbsp;<\/p>\n<p>&nbsp;<\/p>\n<div class=\"visual__image\"><picture><source srcset=\"https:\/\/www.infobae.com\/resizer\/v2\/X3JQNJ6H2BB5ZLMA6QLPUMCZJE.png?auth=b45f9da946c363219fad19cea75c128903330bd486adc42c0ca957acb4bedaa5&amp;smart=true&amp;width=992&amp;height=541&amp;quality=85\" media=\"(min-width: 1000px)\" \/><source srcset=\"https:\/\/www.infobae.com\/resizer\/v2\/X3JQNJ6H2BB5ZLMA6QLPUMCZJE.png?auth=b45f9da946c363219fad19cea75c128903330bd486adc42c0ca957acb4bedaa5&amp;smart=true&amp;width=768&amp;height=419&amp;quality=85\" media=\"(min-width: 768px)\" \/><source srcset=\"https:\/\/www.infobae.com\/resizer\/v2\/X3JQNJ6H2BB5ZLMA6QLPUMCZJE.png?auth=b45f9da946c363219fad19cea75c128903330bd486adc42c0ca957acb4bedaa5&amp;smart=true&amp;width=577&amp;height=315&amp;quality=85\" media=\"(min-width: 580px)\" \/><source srcset=\"https:\/\/www.infobae.com\/resizer\/v2\/X3JQNJ6H2BB5ZLMA6QLPUMCZJE.png?auth=b45f9da946c363219fad19cea75c128903330bd486adc42c0ca957acb4bedaa5&amp;smart=true&amp;width=420&amp;height=229&amp;quality=85\" media=\"(min-width: 350px)\" \/><source srcset=\"https:\/\/www.infobae.com\/resizer\/v2\/X3JQNJ6H2BB5ZLMA6QLPUMCZJE.png?auth=b45f9da946c363219fad19cea75c128903330bd486adc42c0ca957acb4bedaa5&amp;smart=true&amp;width=350&amp;height=191&amp;quality=85\" media=\"(min-width: 80px)\" \/><\/picture><\/div>\n","protected":false},"excerpt":{"rendered":"<p>\u201cEs un episodio de miedo muy intenso\u00a0que aparece de un momento a otro, sin antecedentes que permitan anticiparlo, y que\u00a0alcanza su m\u00e1xima intensidad en dos, tres, cinco minutos&#8230;\u00bb<\/p>\n","protected":false},"author":4,"featured_media":2220,"comment_status":"closed","ping_status":"closed","sticky":false,"template":"","format":"standard","meta":{"_et_pb_use_builder":"","_et_pb_old_content":"","_et_gb_content_width":""},"categories":[1],"tags":[],"yoast_head":"<!-- This site is optimized with the Yoast SEO plugin v14.3 - https:\/\/yoast.com\/wordpress\/plugins\/seo\/ -->\n<title>Ataque de p\u00e1nico: claves para reconocerlo, s\u00edntomas y diferencia con otros trastornos de ansiedad - Consultorios Medicos<\/title>\n<meta name=\"robots\" content=\"index, follow\" \/>\n<meta name=\"googlebot\" content=\"index, follow, max-snippet:-1, max-image-preview:large, max-video-preview:-1\" \/>\n<meta name=\"bingbot\" content=\"index, follow, max-snippet:-1, max-image-preview:large, max-video-preview:-1\" \/>\n<link rel=\"canonical\" href=\"https:\/\/tornquistcmt.com\/index.php\/2026\/08\/14\/ataque-de-panico-claves-para-reconocerlo-sintomas-y-diferencia-con-otros-trastornos-de-ansiedad\/\" \/>\n<meta property=\"og:locale\" content=\"es_ES\" \/>\n<meta property=\"og:type\" content=\"article\" \/>\n<meta property=\"og:title\" content=\"Ataque de p\u00e1nico: claves para reconocerlo, s\u00edntomas y diferencia con otros trastornos de ansiedad - Consultorios Medicos\" \/>\n<meta property=\"og:description\" content=\"\u201cEs un episodio de miedo muy intenso\u00a0que aparece de un momento a otro, sin antecedentes que permitan anticiparlo, y que\u00a0alcanza su m\u00e1xima intensidad en dos, tres, cinco minutos...&quot;\" \/>\n<meta property=\"og:url\" content=\"https:\/\/tornquistcmt.com\/index.php\/2026\/08\/14\/ataque-de-panico-claves-para-reconocerlo-sintomas-y-diferencia-con-otros-trastornos-de-ansiedad\/\" \/>\n<meta property=\"og:site_name\" content=\"Consultorios Medicos\" \/>\n<meta property=\"article:published_time\" content=\"2026-08-14T12:59:22+00:00\" \/>\n<meta property=\"article:modified_time\" content=\"2026-08-14T13:00:52+00:00\" \/>\n<meta property=\"og:image\" content=\"https:\/\/tornquistcmt.com\/wp-content\/uploads\/2026\/08\/AtaquePanico.jpg\" \/>\n\t<meta property=\"og:image:width\" content=\"1280\" \/>\n\t<meta property=\"og:image:height\" content=\"853\" \/>\n<meta name=\"twitter:card\" content=\"summary_large_image\" \/>\n<script type=\"application\/ld+json\" class=\"yoast-schema-graph\">{\"@context\":\"https:\/\/schema.org\",\"@graph\":[{\"@type\":\"WebSite\",\"@id\":\"https:\/\/tornquistcmt.com\/#website\",\"url\":\"https:\/\/tornquistcmt.com\/\",\"name\":\"Consultorios Medicos\",\"description\":\"Tornquist y Sierra de la Ventana\",\"potentialAction\":[{\"@type\":\"SearchAction\",\"target\":\"https:\/\/tornquistcmt.com\/?s={search_term_string}\",\"query-input\":\"required name=search_term_string\"}],\"inLanguage\":\"es\"},{\"@type\":\"ImageObject\",\"@id\":\"https:\/\/tornquistcmt.com\/index.php\/2026\/08\/14\/ataque-de-panico-claves-para-reconocerlo-sintomas-y-diferencia-con-otros-trastornos-de-ansiedad\/#primaryimage\",\"inLanguage\":\"es\",\"url\":\"https:\/\/tornquistcmt.com\/wp-content\/uploads\/2026\/08\/AtaquePanico.jpg\",\"width\":1280,\"height\":853},{\"@type\":\"WebPage\",\"@id\":\"https:\/\/tornquistcmt.com\/index.php\/2026\/08\/14\/ataque-de-panico-claves-para-reconocerlo-sintomas-y-diferencia-con-otros-trastornos-de-ansiedad\/#webpage\",\"url\":\"https:\/\/tornquistcmt.com\/index.php\/2026\/08\/14\/ataque-de-panico-claves-para-reconocerlo-sintomas-y-diferencia-con-otros-trastornos-de-ansiedad\/\",\"name\":\"Ataque de p\\u00e1nico: claves para reconocerlo, s\\u00edntomas y diferencia con otros trastornos de ansiedad - Consultorios Medicos\",\"isPartOf\":{\"@id\":\"https:\/\/tornquistcmt.com\/#website\"},\"primaryImageOfPage\":{\"@id\":\"https:\/\/tornquistcmt.com\/index.php\/2026\/08\/14\/ataque-de-panico-claves-para-reconocerlo-sintomas-y-diferencia-con-otros-trastornos-de-ansiedad\/#primaryimage\"},\"datePublished\":\"2026-08-14T12:59:22+00:00\",\"dateModified\":\"2026-08-14T13:00:52+00:00\",\"author\":{\"@id\":\"https:\/\/tornquistcmt.com\/#\/schema\/person\/33d6c0c0291f7e8836cfba3db63c7363\"},\"inLanguage\":\"es\",\"potentialAction\":[{\"@type\":\"ReadAction\",\"target\":[\"https:\/\/tornquistcmt.com\/index.php\/2026\/08\/14\/ataque-de-panico-claves-para-reconocerlo-sintomas-y-diferencia-con-otros-trastornos-de-ansiedad\/\"]}]},{\"@type\":[\"Person\"],\"@id\":\"https:\/\/tornquistcmt.com\/#\/schema\/person\/33d6c0c0291f7e8836cfba3db63c7363\",\"name\":\"Ceci Polak\",\"image\":{\"@type\":\"ImageObject\",\"@id\":\"https:\/\/tornquistcmt.com\/#personlogo\",\"inLanguage\":\"es\",\"url\":\"https:\/\/secure.gravatar.com\/avatar\/b3f7e518e8818f1a0b8c2d17a7155d81?s=96&d=mm&r=g\",\"caption\":\"Ceci Polak\"}}]}<\/script>\n<!-- \/ Yoast SEO plugin. -->","_links":{"self":[{"href":"https:\/\/tornquistcmt.com\/index.php\/wp-json\/wp\/v2\/posts\/2218"}],"collection":[{"href":"https:\/\/tornquistcmt.com\/index.php\/wp-json\/wp\/v2\/posts"}],"about":[{"href":"https:\/\/tornquistcmt.com\/index.php\/wp-json\/wp\/v2\/types\/post"}],"author":[{"embeddable":true,"href":"https:\/\/tornquistcmt.com\/index.php\/wp-json\/wp\/v2\/users\/4"}],"replies":[{"embeddable":true,"href":"https:\/\/tornquistcmt.com\/index.php\/wp-json\/wp\/v2\/comments?post=2218"}],"version-history":[{"count":4,"href":"https:\/\/tornquistcmt.com\/index.php\/wp-json\/wp\/v2\/posts\/2218\/revisions"}],"predecessor-version":[{"id":2223,"href":"https:\/\/tornquistcmt.com\/index.php\/wp-json\/wp\/v2\/posts\/2218\/revisions\/2223"}],"wp:featuredmedia":[{"embeddable":true,"href":"https:\/\/tornquistcmt.com\/index.php\/wp-json\/wp\/v2\/media\/2220"}],"wp:attachment":[{"href":"https:\/\/tornquistcmt.com\/index.php\/wp-json\/wp\/v2\/media?parent=2218"}],"wp:term":[{"taxonomy":"category","embeddable":true,"href":"https:\/\/tornquistcmt.com\/index.php\/wp-json\/wp\/v2\/categories?post=2218"},{"taxonomy":"post_tag","embeddable":true,"href":"https:\/\/tornquistcmt.com\/index.php\/wp-json\/wp\/v2\/tags?post=2218"}],"curies":[{"name":"wp","href":"https:\/\/api.w.org\/{rel}","templated":true}]}}