{"id":2214,"date":"2026-08-06T12:56:22","date_gmt":"2026-08-06T12:56:22","guid":{"rendered":"https:\/\/tornquistcmt.com\/?p=2214"},"modified":"2026-08-06T12:57:34","modified_gmt":"2026-08-06T12:57:34","slug":"semana-de-la-lactancia-materna","status":"publish","type":"post","link":"https:\/\/tornquistcmt.com\/index.php\/2026\/08\/06\/semana-de-la-lactancia-materna\/","title":{"rendered":"Semana de la Lactancia Materna"},"content":{"rendered":"<p>Esta semana es una oportunidad para visibilizar los beneficios de la lactancia y fortalecer las acciones que favorecen su protecci\u00f3n, promoci\u00f3n y acompa\u00f1amiento.<\/p>\n<p>La lactancia materna contribuye al crecimiento y desarrollo, protege frente a distintas enfermedades y aporta beneficios para la salud tanto del beb\u00e9 como de quien amamanta.<\/p>\n<p>Promoverla requiere el compromiso de los sistemas de salud, los espacios laborales, las comunidades y las familias, generando condiciones adecuadas y garantizando el acceso a informaci\u00f3n y acompa\u00f1amiento profesional.<\/p>\n<p>Estamos comprometidos con la promoci\u00f3n de la salud y el cuidado integral de las personas.<\/p>\n<p>&nbsp;<\/p>\n<p>Fundaci\u00f3n FEMEBA<\/p>\n","protected":false},"excerpt":{"rendered":"<p>Esta semana es una oportunidad para visibilizar los beneficios de la lactancia y fortalecer las acciones que favorecen su protecci\u00f3n, promoci\u00f3n y acompa\u00f1amiento.<\/p>\n","protected":false},"author":4,"featured_media":2215,"comment_status":"closed","ping_status":"closed","sticky":false,"template":"","format":"standard","meta":{"_et_pb_use_builder":"","_et_pb_old_content":"","_et_gb_content_width":""},"categories":[1],"tags":[],"yoast_head":"<!-- This site is optimized with the Yoast SEO plugin v14.3 - https:\/\/yoast.com\/wordpress\/plugins\/seo\/ -->\n<title>Semana de la Lactancia Materna - Consultorios Medicos<\/title>\n<meta name=\"robots\" content=\"index, follow\" \/>\n<meta name=\"googlebot\" content=\"index, follow, max-snippet:-1, max-image-preview:large, max-video-preview:-1\" \/>\n<meta name=\"bingbot\" content=\"index, follow, max-snippet:-1, max-image-preview:large, max-video-preview:-1\" \/>\n<link rel=\"canonical\" href=\"https:\/\/tornquistcmt.com\/index.php\/2026\/08\/06\/semana-de-la-lactancia-materna\/\" \/>\n<meta property=\"og:locale\" content=\"es_ES\" \/>\n<meta property=\"og:type\" content=\"article\" \/>\n<meta property=\"og:title\" content=\"Semana de la Lactancia Materna - Consultorios Medicos\" \/>\n<meta property=\"og:description\" content=\"Esta semana es una oportunidad para visibilizar los beneficios de la lactancia y fortalecer las acciones que favorecen su protecci\u00f3n, promoci\u00f3n y acompa\u00f1amiento.\" \/>\n<meta property=\"og:url\" content=\"https:\/\/tornquistcmt.com\/index.php\/2026\/08\/06\/semana-de-la-lactancia-materna\/\" \/>\n<meta property=\"og:site_name\" content=\"Consultorios Medicos\" \/>\n<meta property=\"article:published_time\" content=\"2026-08-06T12:56:22+00:00\" \/>\n<meta property=\"article:modified_time\" content=\"2026-08-06T12:57:34+00:00\" \/>\n<meta property=\"og:image\" content=\"https:\/\/tornquistcmt.com\/wp-content\/uploads\/2026\/08\/LacatanciaMaterna.jpg\" \/>\n\t<meta property=\"og:image:width\" content=\"1500\" \/>\n\t<meta property=\"og:image:height\" content=\"1000\" \/>\n<meta name=\"twitter:card\" content=\"summary_large_image\" \/>\n<script type=\"application\/ld+json\" class=\"yoast-schema-graph\">{\"@context\":\"https:\/\/schema.org\",\"@graph\":[{\"@type\":\"WebSite\",\"@id\":\"https:\/\/tornquistcmt.com\/#website\",\"url\":\"https:\/\/tornquistcmt.com\/\",\"name\":\"Consultorios Medicos\",\"description\":\"Tornquist y Sierra de la Ventana\",\"potentialAction\":[{\"@type\":\"SearchAction\",\"target\":\"https:\/\/tornquistcmt.com\/?s={search_term_string}\",\"query-input\":\"required name=search_term_string\"}],\"inLanguage\":\"es\"},{\"@type\":\"ImageObject\",\"@id\":\"https:\/\/tornquistcmt.com\/index.php\/2026\/08\/06\/semana-de-la-lactancia-materna\/#primaryimage\",\"inLanguage\":\"es\",\"url\":\"https:\/\/tornquistcmt.com\/wp-content\/uploads\/2026\/08\/LacatanciaMaterna.jpg\",\"width\":1500,\"height\":1000},{\"@type\":\"WebPage\",\"@id\":\"https:\/\/tornquistcmt.com\/index.php\/2026\/08\/06\/semana-de-la-lactancia-materna\/#webpage\",\"url\":\"https:\/\/tornquistcmt.com\/index.php\/2026\/08\/06\/semana-de-la-lactancia-materna\/\",\"name\":\"Semana de la Lactancia Materna - Consultorios Medicos\",\"isPartOf\":{\"@id\":\"https:\/\/tornquistcmt.com\/#website\"},\"primaryImageOfPage\":{\"@id\":\"https:\/\/tornquistcmt.com\/index.php\/2026\/08\/06\/semana-de-la-lactancia-materna\/#primaryimage\"},\"datePublished\":\"2026-08-06T12:56:22+00:00\",\"dateModified\":\"2026-08-06T12:57:34+00:00\",\"author\":{\"@id\":\"https:\/\/tornquistcmt.com\/#\/schema\/person\/33d6c0c0291f7e8836cfba3db63c7363\"},\"inLanguage\":\"es\",\"potentialAction\":[{\"@type\":\"ReadAction\",\"target\":[\"https:\/\/tornquistcmt.com\/index.php\/2026\/08\/06\/semana-de-la-lactancia-materna\/\"]}]},{\"@type\":[\"Person\"],\"@id\":\"https:\/\/tornquistcmt.com\/#\/schema\/person\/33d6c0c0291f7e8836cfba3db63c7363\",\"name\":\"Ceci Polak\",\"image\":{\"@type\":\"ImageObject\",\"@id\":\"https:\/\/tornquistcmt.com\/#personlogo\",\"inLanguage\":\"es\",\"url\":\"https:\/\/secure.gravatar.com\/avatar\/b3f7e518e8818f1a0b8c2d17a7155d81?s=96&d=mm&r=g\",\"caption\":\"Ceci Polak\"}}]}<\/script>\n<!-- \/ Yoast SEO plugin. -->","_links":{"self":[{"href":"https:\/\/tornquistcmt.com\/index.php\/wp-json\/wp\/v2\/posts\/2214"}],"collection":[{"href":"https:\/\/tornquistcmt.com\/index.php\/wp-json\/wp\/v2\/posts"}],"about":[{"href":"https:\/\/tornquistcmt.com\/index.php\/wp-json\/wp\/v2\/types\/post"}],"author":[{"embeddable":true,"href":"https:\/\/tornquistcmt.com\/index.php\/wp-json\/wp\/v2\/users\/4"}],"replies":[{"embeddable":true,"href":"https:\/\/tornquistcmt.com\/index.php\/wp-json\/wp\/v2\/comments?post=2214"}],"version-history":[{"count":2,"href":"https:\/\/tornquistcmt.com\/index.php\/wp-json\/wp\/v2\/posts\/2214\/revisions"}],"predecessor-version":[{"id":2217,"href":"https:\/\/tornquistcmt.com\/index.php\/wp-json\/wp\/v2\/posts\/2214\/revisions\/2217"}],"wp:featuredmedia":[{"embeddable":true,"href":"https:\/\/tornquistcmt.com\/index.php\/wp-json\/wp\/v2\/media\/2215"}],"wp:attachment":[{"href":"https:\/\/tornquistcmt.com\/index.php\/wp-json\/wp\/v2\/media?parent=2214"}],"wp:term":[{"taxonomy":"category","embeddable":true,"href":"https:\/\/tornquistcmt.com\/index.php\/wp-json\/wp\/v2\/categories?post=2214"},{"taxonomy":"post_tag","embeddable":true,"href":"https:\/\/tornquistcmt.com\/index.php\/wp-json\/wp\/v2\/tags?post=2214"}],"curies":[{"name":"wp","href":"https:\/\/api.w.org\/{rel}","templated":true}]}}