{"id":2134,"date":"2026-04-30T14:08:37","date_gmt":"2026-04-30T14:08:37","guid":{"rendered":"https:\/\/tornquistcmt.com\/?p=2134"},"modified":"2026-04-30T14:09:43","modified_gmt":"2026-04-30T14:09:43","slug":"dia-mundial-de-la-seguridad-y-salud-en-el-trabajo","status":"publish","type":"post","link":"https:\/\/tornquistcmt.com\/index.php\/2026\/04\/30\/dia-mundial-de-la-seguridad-y-salud-en-el-trabajo\/","title":{"rendered":"D\u00eda Mundial de la Seguridad y Salud en el trabajo"},"content":{"rendered":"<div class=\"x14z9mp xat24cr x1lziwak x1vvkbs xtlvy1s x126k92a\">\n<div dir=\"auto\">Cada 28 de abril se conmemora el D\u00eda Mundial de la Seguridad y Salud en el trabajo.<\/div>\n<div dir=\"auto\"><\/div>\n<div dir=\"auto\">Esta fecha busca promover la prevenci\u00f3n de accidentes laborales y enfermedades profesionales en todo el mundo.<\/div>\n<div dir=\"auto\"><\/div>\n<\/div>\n<div class=\"x14z9mp xat24cr x1lziwak x1vvkbs xtlvy1s x126k92a\">\n<div dir=\"auto\">En salud, hablar de seguridad laboral implica pensar en quienes trabajan diariamente en hospitales, centros de atenci\u00f3n, instituciones educativas, espacios de capacitaci\u00f3n y distintos \u00e1mbitos vinculados al cuidado de las personas.<\/div>\n<div dir=\"auto\">Tambi\u00e9n implica reconocer la importancia de contar con entornos preparados, condiciones adecuadas, formaci\u00f3n continua y una cultura de prevenci\u00f3n sostenida en el tiempo.<\/div>\n<div dir=\"auto\"><\/div>\n<div dir=\"auto\"><\/div>\n<\/div>\n<div class=\"x14z9mp xat24cr x1lziwak x1vvkbs xtlvy1s x126k92a\">\n<div dir=\"auto\">Los riesgos en el trabajo cambian y se transforman: nuevas tecnolog\u00edas, nuevas formas de organizaci\u00f3n, mayores demandas laborales y desaf\u00edos emergentes requieren respuestas actualizadas y responsables. En el \u00e1mbito sanitario, esto incluye desde el uso adecuado de elementos de protecci\u00f3n personal hasta la incorporaci\u00f3n de pr\u00e1cticas que ayuden a reducir la exposici\u00f3n a riesgos f\u00edsicos, biol\u00f3gicos, qu\u00edmicos y psicosociales.<\/div>\n<div dir=\"auto\"><\/div>\n<\/div>\n<div dir=\"auto\"><\/div>\n<div class=\"x14z9mp xat24cr x1lziwak x1vvkbs xtlvy1s x126k92a\"><\/div>\n<div dir=\"auto\"><em>Fuente: Fundaci\u00f3n FEMEBA<\/em><\/div>\n<div dir=\"auto\"><\/div>\n","protected":false},"excerpt":{"rendered":"<p>Esta fecha busca promover la prevenci\u00f3n de accidentes laborales y enfermedades profesionales en todo el mundo.<\/p>\n","protected":false},"author":4,"featured_media":2135,"comment_status":"closed","ping_status":"closed","sticky":false,"template":"","format":"standard","meta":{"_et_pb_use_builder":"","_et_pb_old_content":"","_et_gb_content_width":""},"categories":[1],"tags":[],"yoast_head":"<!-- This site is optimized with the Yoast SEO plugin v14.3 - https:\/\/yoast.com\/wordpress\/plugins\/seo\/ -->\n<title>D\u00eda Mundial de la Seguridad y Salud en el trabajo - Consultorios Medicos<\/title>\n<meta name=\"robots\" content=\"index, follow\" \/>\n<meta name=\"googlebot\" content=\"index, follow, max-snippet:-1, max-image-preview:large, max-video-preview:-1\" \/>\n<meta name=\"bingbot\" content=\"index, follow, max-snippet:-1, max-image-preview:large, max-video-preview:-1\" \/>\n<link rel=\"canonical\" href=\"https:\/\/tornquistcmt.com\/index.php\/2026\/04\/30\/dia-mundial-de-la-seguridad-y-salud-en-el-trabajo\/\" \/>\n<meta property=\"og:locale\" content=\"es_ES\" \/>\n<meta property=\"og:type\" content=\"article\" \/>\n<meta property=\"og:title\" content=\"D\u00eda Mundial de la Seguridad y Salud en el trabajo - Consultorios Medicos\" \/>\n<meta property=\"og:description\" content=\"Esta fecha busca promover la prevenci\u00f3n de accidentes laborales y enfermedades profesionales en todo el mundo.\" \/>\n<meta property=\"og:url\" content=\"https:\/\/tornquistcmt.com\/index.php\/2026\/04\/30\/dia-mundial-de-la-seguridad-y-salud-en-el-trabajo\/\" \/>\n<meta property=\"og:site_name\" content=\"Consultorios Medicos\" \/>\n<meta property=\"article:published_time\" content=\"2026-04-30T14:08:37+00:00\" \/>\n<meta property=\"article:modified_time\" content=\"2026-04-30T14:09:43+00:00\" \/>\n<meta property=\"og:image\" content=\"https:\/\/tornquistcmt.com\/wp-content\/uploads\/2026\/04\/Seguridad-Trabajo.jpg\" \/>\n\t<meta property=\"og:image:width\" content=\"1280\" \/>\n\t<meta property=\"og:image:height\" content=\"857\" \/>\n<meta name=\"twitter:card\" content=\"summary_large_image\" \/>\n<script type=\"application\/ld+json\" class=\"yoast-schema-graph\">{\"@context\":\"https:\/\/schema.org\",\"@graph\":[{\"@type\":\"WebSite\",\"@id\":\"https:\/\/tornquistcmt.com\/#website\",\"url\":\"https:\/\/tornquistcmt.com\/\",\"name\":\"Consultorios Medicos\",\"description\":\"Tornquist y Sierra de la Ventana\",\"potentialAction\":[{\"@type\":\"SearchAction\",\"target\":\"https:\/\/tornquistcmt.com\/?s={search_term_string}\",\"query-input\":\"required name=search_term_string\"}],\"inLanguage\":\"es\"},{\"@type\":\"ImageObject\",\"@id\":\"https:\/\/tornquistcmt.com\/index.php\/2026\/04\/30\/dia-mundial-de-la-seguridad-y-salud-en-el-trabajo\/#primaryimage\",\"inLanguage\":\"es\",\"url\":\"https:\/\/tornquistcmt.com\/wp-content\/uploads\/2026\/04\/Seguridad-Trabajo.jpg\",\"width\":1280,\"height\":857},{\"@type\":\"WebPage\",\"@id\":\"https:\/\/tornquistcmt.com\/index.php\/2026\/04\/30\/dia-mundial-de-la-seguridad-y-salud-en-el-trabajo\/#webpage\",\"url\":\"https:\/\/tornquistcmt.com\/index.php\/2026\/04\/30\/dia-mundial-de-la-seguridad-y-salud-en-el-trabajo\/\",\"name\":\"D\\u00eda Mundial de la Seguridad y Salud en el trabajo - Consultorios Medicos\",\"isPartOf\":{\"@id\":\"https:\/\/tornquistcmt.com\/#website\"},\"primaryImageOfPage\":{\"@id\":\"https:\/\/tornquistcmt.com\/index.php\/2026\/04\/30\/dia-mundial-de-la-seguridad-y-salud-en-el-trabajo\/#primaryimage\"},\"datePublished\":\"2026-04-30T14:08:37+00:00\",\"dateModified\":\"2026-04-30T14:09:43+00:00\",\"author\":{\"@id\":\"https:\/\/tornquistcmt.com\/#\/schema\/person\/33d6c0c0291f7e8836cfba3db63c7363\"},\"inLanguage\":\"es\",\"potentialAction\":[{\"@type\":\"ReadAction\",\"target\":[\"https:\/\/tornquistcmt.com\/index.php\/2026\/04\/30\/dia-mundial-de-la-seguridad-y-salud-en-el-trabajo\/\"]}]},{\"@type\":[\"Person\"],\"@id\":\"https:\/\/tornquistcmt.com\/#\/schema\/person\/33d6c0c0291f7e8836cfba3db63c7363\",\"name\":\"Ceci Polak\",\"image\":{\"@type\":\"ImageObject\",\"@id\":\"https:\/\/tornquistcmt.com\/#personlogo\",\"inLanguage\":\"es\",\"url\":\"https:\/\/secure.gravatar.com\/avatar\/b3f7e518e8818f1a0b8c2d17a7155d81?s=96&d=mm&r=g\",\"caption\":\"Ceci Polak\"}}]}<\/script>\n<!-- \/ Yoast SEO plugin. -->","_links":{"self":[{"href":"https:\/\/tornquistcmt.com\/index.php\/wp-json\/wp\/v2\/posts\/2134"}],"collection":[{"href":"https:\/\/tornquistcmt.com\/index.php\/wp-json\/wp\/v2\/posts"}],"about":[{"href":"https:\/\/tornquistcmt.com\/index.php\/wp-json\/wp\/v2\/types\/post"}],"author":[{"embeddable":true,"href":"https:\/\/tornquistcmt.com\/index.php\/wp-json\/wp\/v2\/users\/4"}],"replies":[{"embeddable":true,"href":"https:\/\/tornquistcmt.com\/index.php\/wp-json\/wp\/v2\/comments?post=2134"}],"version-history":[{"count":2,"href":"https:\/\/tornquistcmt.com\/index.php\/wp-json\/wp\/v2\/posts\/2134\/revisions"}],"predecessor-version":[{"id":2137,"href":"https:\/\/tornquistcmt.com\/index.php\/wp-json\/wp\/v2\/posts\/2134\/revisions\/2137"}],"wp:featuredmedia":[{"embeddable":true,"href":"https:\/\/tornquistcmt.com\/index.php\/wp-json\/wp\/v2\/media\/2135"}],"wp:attachment":[{"href":"https:\/\/tornquistcmt.com\/index.php\/wp-json\/wp\/v2\/media?parent=2134"}],"wp:term":[{"taxonomy":"category","embeddable":true,"href":"https:\/\/tornquistcmt.com\/index.php\/wp-json\/wp\/v2\/categories?post=2134"},{"taxonomy":"post_tag","embeddable":true,"href":"https:\/\/tornquistcmt.com\/index.php\/wp-json\/wp\/v2\/tags?post=2134"}],"curies":[{"name":"wp","href":"https:\/\/api.w.org\/{rel}","templated":true}]}}